{"id":3012,"date":"2024-10-19T21:44:24","date_gmt":"2024-10-19T20:44:24","guid":{"rendered":"https:\/\/www.sos-madagascar.org\/wp2\/?p=3012"},"modified":"2026-02-19T13:06:07","modified_gmt":"2026-02-19T12:06:07","slug":"retour-sur-les-festivites-du-12-octobre-un-evenement-memorable","status":"publish","type":"post","link":"https:\/\/www.sos-madagascar.org\/wp2\/events\/art-3012","title":{"rendered":"Retour sur les festivit\u00e9s du 12 octobre : Un \u00e9v\u00e9nement m\u00e9morable !"},"content":{"rendered":"\n<p class=\"wp-block-paragraph\">Le samedi 12 octobre dernier, SOS Madagascar a organis\u00e9 une soir\u00e9e festive, marqu\u00e9e par des moments forts et une ambiance chaleureuse. D\u00e8s le d\u00e9but de l\u2019\u00e9v\u00e9nement, notre pr\u00e9sidente a pris la parole pour ouvrir les festivit\u00e9s, exprimant sa gratitude envers les participants et r\u00e9affirmant les engagements de l\u2019association. Elle a ensuite pass\u00e9 le relais \u00e0 notre cheffe de projet, qui a captiv\u00e9 l\u2019audience avec un expos\u00e9 d\u00e9taillant les op\u00e9rations pr\u00e9vues pour 2024, ainsi que les actions \u00e0 venir en 2025. Un avenir plein de promesses pour nos deux centres.<\/p>\n\n\n\n<p class=\"wp-block-paragraph\">Un \u00e9v\u00e9nement inattendu aurait pu troubler la soir\u00e9e lors du repas, quand un incident en cuisine a failli compromettre le menu pr\u00e9vu. Cependant, gr\u00e2ce \u00e0 la r\u00e9activit\u00e9 et au d\u00e9vouement de notre incroyable \u00e9quipe cuisine, nous avons tous pu savourer un d\u00e9licieux repas. Leur professionnalisme a transform\u00e9 une situation potentiellement catastrophique en un succ\u00e8s culinaire.<\/p>\n\n\n\n<p class=\"wp-block-paragraph\">L\u2019ambiance \u00e9tait \u00e0 son comble gr\u00e2ce au talentueux DJ, qui a su enflammer la piste de danse. Un moment magique a eu lieu lorsqu\u2019une jeune Malgache, pr\u00e9sente parmi les invit\u00e9s, a pris le micro pour offrir une prestation inoubliable. Sa voix d\u2019or a \u00e9merveill\u00e9 l\u2019assistance, ajoutant une touche encore plus sp\u00e9ciale \u00e0 cette soir\u00e9e d\u00e9j\u00e0 riche en \u00e9motions.<\/p>\n\n\n\n<p class=\"wp-block-paragraph\">En parall\u00e8le, comme d&rsquo;habitude, des articles \u00e9taient vendus au profit de l\u2019association. Parmi ces tr\u00e9sors venus directement de Madagascar, les convives ont pu acheter de superbes gousses de vanille et du poivre sauvage fra\u00eechement arriv\u00e9s de l\u2019\u00eele rouge. <\/p>\n\n\n\n<p class=\"wp-block-paragraph\">Au final, cette soir\u00e9e a \u00e9t\u00e9 un v\u00e9ritable succ\u00e8s ! Nous remercions chaleureusement tous ceux qui ont particip\u00e9 et contribu\u00e9 \u00e0 faire de cet \u00e9v\u00e9nement une si belle r\u00e9ussite.<\/p>\n\n\n\n<p class=\"wp-block-paragraph\">Rendez-vous en 2025 pour de nouvelles aventures solidaires !<\/p>\n","protected":false},"excerpt":{"rendered":"<p>Le samedi 12 octobre dernier, SOS Madagascar a organis\u00e9 une soir\u00e9e festive, marqu\u00e9e par des moments forts et une ambiance chaleureuse. D\u00e8s le d\u00e9but de l\u2019\u00e9v\u00e9nement, notre pr\u00e9sidente a pris la parole pour ouvrir les festivit\u00e9s, exprimant sa gratitude envers les participants et r\u00e9affirmant les engagements de l\u2019association. Elle a ensuite pass\u00e9 le relais \u00e0&hellip; <a class=\"more-link\" href=\"https:\/\/www.sos-madagascar.org\/wp2\/events\/art-3012\">Poursuivre la lecture <span class=\"screen-reader-text\">Retour sur les festivit\u00e9s du 12 octobre : Un \u00e9v\u00e9nement m\u00e9morable !<\/span><\/a><\/p>\n","protected":false},"author":99,"featured_media":0,"comment_status":"closed","ping_status":"open","sticky":false,"template":"","format":"standard","meta":{"_crdt_document":"","footnotes":""},"categories":[20],"tags":[],"class_list":["post-3012","post","type-post","status-publish","format-standard","hentry","category-events","entry"],"_links":{"self":[{"href":"https:\/\/www.sos-madagascar.org\/wp2\/wp-json\/wp\/v2\/posts\/3012","targetHints":{"allow":["GET"]}}],"collection":[{"href":"https:\/\/www.sos-madagascar.org\/wp2\/wp-json\/wp\/v2\/posts"}],"about":[{"href":"https:\/\/www.sos-madagascar.org\/wp2\/wp-json\/wp\/v2\/types\/post"}],"author":[{"embeddable":true,"href":"https:\/\/www.sos-madagascar.org\/wp2\/wp-json\/wp\/v2\/users\/99"}],"replies":[{"embeddable":true,"href":"https:\/\/www.sos-madagascar.org\/wp2\/wp-json\/wp\/v2\/comments?post=3012"}],"version-history":[{"count":2,"href":"https:\/\/www.sos-madagascar.org\/wp2\/wp-json\/wp\/v2\/posts\/3012\/revisions"}],"predecessor-version":[{"id":3015,"href":"https:\/\/www.sos-madagascar.org\/wp2\/wp-json\/wp\/v2\/posts\/3012\/revisions\/3015"}],"wp:attachment":[{"href":"https:\/\/www.sos-madagascar.org\/wp2\/wp-json\/wp\/v2\/media?parent=3012"}],"wp:term":[{"taxonomy":"category","embeddable":true,"href":"https:\/\/www.sos-madagascar.org\/wp2\/wp-json\/wp\/v2\/categories?post=3012"},{"taxonomy":"post_tag","embeddable":true,"href":"https:\/\/www.sos-madagascar.org\/wp2\/wp-json\/wp\/v2\/tags?post=3012"}],"curies":[{"name":"wp","href":"https:\/\/api.w.org\/{rel}","templated":true}]}}