{"id":566,"date":"2012-01-30T23:59:59","date_gmt":"2012-01-30T21:59:59","guid":{"rendered":"http:\/\/www.sos-madagascar.org\/wp2\/?p=566"},"modified":"2022-01-31T19:00:55","modified_gmt":"2022-01-31T18:00:55","slug":"juillet-2011-a-morondava","status":"publish","type":"post","link":"https:\/\/www.sos-madagascar.org\/wp2\/namahora-arc\/art-566","title":{"rendered":"Juillet 2011 \u00e0\u00a0 Morondava"},"content":{"rendered":"<p>Un groupe de jeunes d&rsquo;Aubervilliers se rend \u00e0\u00a0 Madagascar et r\u00e9alise des travaux sur le centre de Namahora. L\u00e0\u00a0 bas, ils am\u00e8neront les handicap\u00e9s voir la mer. Bien que le foyer n&rsquo;est qu&rsquo;\u00e0\u00a0 quelques kilom\u00e8tres de la plage, certains de nos prot\u00e9g\u00e9s n&rsquo;avaient jamais vu la mer.<br \/>\nMerci \u00e0\u00a0 Fatima, Karima, Magalie, Nd\u00e8ye, Sandra, Abdelhamid, Kara et Ousman pour leur investissement personnel, leur motivation et pour nous avoir confi\u00e9 leur vid\u00e9o afin de vous en faire profiter.<br \/>\n<object data=\"https:\/\/www.sos-madagascar.org\/wgal\/plugins\/charlies_content\/player_flv_maxi.swf\" type=\"application\/x-shockwave-flash\" width=\"532\" height=\"308\"><param value=\"https:\/\/www.sos-madagascar.org\/wgal\/plugins\/charlies_content\/player_flv_maxi.swf\" name=\"movie\" width=\"512\" height=\"288\" \/><param value=\"true\" name=\"allowFullScreen\" \/><param value=\"100%\" name=\"height\" \/><param value=\"100%\" name=\"width\" \/><param value=\"flv=https%3A%2F%2Fwww.sos-madagascar.org%2Falbums-SOS%2FMadagascar%2Fvideos%2FJeunes_Hors_Cadre_a_Namahora_.flv&amp;loop=0&amp;autoload=0&amp;autoplay=0&amp;showfullscreen=1&amp;volume=150&amp;onclick=playpause&amp;ondoubleclick=fullscreen&amp;buffer=10&amp;showplayer=autohide&amp;showloading=autohide&amp;showmouse=autohide&amp;showstop=1&amp;showvolume=1&amp;shortcut=1\" name=\"FlashVars\" \/><\/object><br \/>\n(La vid\u00e9o fait plusieurs m\u00e9ga-octets si elle est trop longue \u00e0\u00a0 charger arr\u00eatez la lecture, votre connexion n&rsquo;est tout simplement pas assez rapide.)<\/p>\n","protected":false},"excerpt":{"rendered":"<p>Un groupe de jeunes d&rsquo;Aubervilliers se rend \u00e0\u00a0 Madagascar et r\u00e9alise des travaux sur le centre de Namahora. L\u00e0\u00a0 bas, ils am\u00e8neront les handicap\u00e9s voir la mer. Bien que le foyer n&rsquo;est qu&rsquo;\u00e0\u00a0 quelques kilom\u00e8tres de la plage, certains de nos prot\u00e9g\u00e9s n&rsquo;avaient jamais vu la mer. Merci \u00e0\u00a0 Fatima, Karima, Magalie, Nd\u00e8ye, Sandra, Abdelhamid,&hellip; <a class=\"more-link\" href=\"https:\/\/www.sos-madagascar.org\/wp2\/namahora-arc\/art-566\">Poursuivre la lecture <span class=\"screen-reader-text\">Juillet 2011 \u00e0\u00a0 Morondava<\/span><\/a><\/p>\n","protected":false},"author":91,"featured_media":0,"comment_status":"open","ping_status":"open","sticky":false,"template":"","format":"standard","meta":{"_crdt_document":"","footnotes":""},"categories":[27],"tags":[],"class_list":["post-566","post","type-post","status-publish","format-standard","hentry","category-namahora-arc","entry"],"_links":{"self":[{"href":"https:\/\/www.sos-madagascar.org\/wp2\/wp-json\/wp\/v2\/posts\/566","targetHints":{"allow":["GET"]}}],"collection":[{"href":"https:\/\/www.sos-madagascar.org\/wp2\/wp-json\/wp\/v2\/posts"}],"about":[{"href":"https:\/\/www.sos-madagascar.org\/wp2\/wp-json\/wp\/v2\/types\/post"}],"author":[{"embeddable":true,"href":"https:\/\/www.sos-madagascar.org\/wp2\/wp-json\/wp\/v2\/users\/91"}],"replies":[{"embeddable":true,"href":"https:\/\/www.sos-madagascar.org\/wp2\/wp-json\/wp\/v2\/comments?post=566"}],"version-history":[{"count":25,"href":"https:\/\/www.sos-madagascar.org\/wp2\/wp-json\/wp\/v2\/posts\/566\/revisions"}],"predecessor-version":[{"id":2064,"href":"https:\/\/www.sos-madagascar.org\/wp2\/wp-json\/wp\/v2\/posts\/566\/revisions\/2064"}],"wp:attachment":[{"href":"https:\/\/www.sos-madagascar.org\/wp2\/wp-json\/wp\/v2\/media?parent=566"}],"wp:term":[{"taxonomy":"category","embeddable":true,"href":"https:\/\/www.sos-madagascar.org\/wp2\/wp-json\/wp\/v2\/categories?post=566"},{"taxonomy":"post_tag","embeddable":true,"href":"https:\/\/www.sos-madagascar.org\/wp2\/wp-json\/wp\/v2\/tags?post=566"}],"curies":[{"name":"wp","href":"https:\/\/api.w.org\/{rel}","templated":true}]}}