{"id":683,"date":"2013-05-20T19:00:38","date_gmt":"2013-05-20T17:00:38","guid":{"rendered":"http:\/\/www.sos-madagascar.org\/wp2\/?p=683"},"modified":"2022-01-31T18:55:48","modified_gmt":"2022-01-31T17:55:48","slug":"le-pere-pedro-en-france","status":"publish","type":"post","link":"https:\/\/www.sos-madagascar.org\/wp2\/media\/art-683","title":{"rendered":"Le P\u00e8re Pedro en France"},"content":{"rendered":"<p>Pour tous ceux qui n&rsquo;ont pas d\u00e9couvert notre annonce sur Facebook, veuillez trouver ci-dessous le programme des conf\u00e9rences du P\u00e8re Pedro pour 2013 en France.<\/p>\n<p><a href=\"https:\/\/www.sos-madagascar.org\/wp2\/wp-content\/2013\/05\/Programme-conferences-2013-P.PEDRO_.jpg\"><img loading=\"lazy\" decoding=\"async\" class=\"aligncenter size-full wp-image-684\" src=\"https:\/\/www.sos-madagascar.org\/wp2\/wp-content\/2013\/05\/Programme-conferences-2013-P.PEDRO_.jpg\" alt=\"Programme conferences 2013 P.PEDRO\" width=\"606\" height=\"867\" srcset=\"https:\/\/www.sos-madagascar.org\/wp2\/wp-content\/2013\/05\/Programme-conferences-2013-P.PEDRO_.jpg 606w, https:\/\/www.sos-madagascar.org\/wp2\/wp-content\/2013\/05\/Programme-conferences-2013-P.PEDRO_-209x300.jpg 209w\" sizes=\"auto, (max-width: 606px) 100vw, 606px\" \/><\/a><\/p>\n<p>Par ailleurs, le P\u00e8re Pedro vient de sortir un nouveau livre \u00e9crit par Pierre LUNEL, aux \u00e9ditions du Rocher. Il est disponible depuis fin avril. Par ailleurs \u00e0\u00a0 l&rsquo;occasion de la sortie de son livre, il fera plusieurs \u00e9missions :<\/p>\n<p>&#8211; C A VOUS \/ France 5 \/ 19H00 le mardi 21 mai avec Alessandra Sublet<\/p>\n<p>&#8211; Radio Notre Dame &#8211; Interview dans l&rsquo;\u00e9mission le Grand T\u00e9moin de 7H35 \u00e0\u00a0 8H25 avec Louis Daufresnes le mercredi 22 mai<\/p>\n<p>&#8211; EUROPE 1 : Interview avec Arlette Chabot pour l&rsquo;\u00e9mission c&rsquo;est arriv\u00e9 cette semaine le samedi 25 mai de 9H00 \u00e0\u00a0 10H00<\/p>\n<p>&#8211; SOIR 3 le 23 mai \u00e0\u00a0 22H30 apr\u00e8s la diffusion du film \u00ab\u00a0des hommes et des dieux\u00a0\u00bb<\/p>\n<p>&#8211; Radio Notre Dame, le 30 mai \u00e0\u00a0 22H00 \u00e9mission \u00ab\u00a0Ecoute dans la nuit\u00a0\u00bb<\/p>\n<p>&#8211; 19H00 Paul AMAR sur France 5 le samedi 1er juin<\/p>\n<p>Via Natacha DELAIGUE<br \/>\nLes Amis du P\u00e8re Pedro<br \/>\nAssociation de soutien \u00e0\u00a0 l&rsquo;action du P\u00e8re Pedro Opeka<br \/>\nBP 640 &#8211; 77103 MEAUX Cedex<\/p>\n<p><a href=\"mailto:assoc.ppedro.opeka@orange.fr\">Envoyer un e-mail Aux Amis du P\u00e8re Pedro<\/a><br \/>\n<a href=\"https:\/\/www.perepedro.com\" target=\"_blank\" rel=\"noopener\">Visiter le site web Des Amis du P\u00e8re Pedro<\/a><\/p>\n","protected":false},"excerpt":{"rendered":"<p>Pour tous ceux qui n&rsquo;ont pas d\u00e9couvert notre annonce sur Facebook, veuillez trouver ci-dessous le programme des conf\u00e9rences du P\u00e8re Pedro pour 2013 en France. Par ailleurs, le P\u00e8re Pedro vient de sortir un nouveau livre \u00e9crit par Pierre LUNEL, aux \u00e9ditions du Rocher. Il est disponible depuis fin avril. Par ailleurs \u00e0\u00a0 l&rsquo;occasion de&hellip; <a class=\"more-link\" href=\"https:\/\/www.sos-madagascar.org\/wp2\/media\/art-683\">Poursuivre la lecture <span class=\"screen-reader-text\">Le P\u00e8re Pedro en France<\/span><\/a><\/p>\n","protected":false},"author":91,"featured_media":0,"comment_status":"open","ping_status":"open","sticky":false,"template":"","format":"standard","meta":{"_crdt_document":"","footnotes":""},"categories":[24],"tags":[],"class_list":["post-683","post","type-post","status-publish","format-standard","hentry","category-media","entry"],"_links":{"self":[{"href":"https:\/\/www.sos-madagascar.org\/wp2\/wp-json\/wp\/v2\/posts\/683","targetHints":{"allow":["GET"]}}],"collection":[{"href":"https:\/\/www.sos-madagascar.org\/wp2\/wp-json\/wp\/v2\/posts"}],"about":[{"href":"https:\/\/www.sos-madagascar.org\/wp2\/wp-json\/wp\/v2\/types\/post"}],"author":[{"embeddable":true,"href":"https:\/\/www.sos-madagascar.org\/wp2\/wp-json\/wp\/v2\/users\/91"}],"replies":[{"embeddable":true,"href":"https:\/\/www.sos-madagascar.org\/wp2\/wp-json\/wp\/v2\/comments?post=683"}],"version-history":[{"count":6,"href":"https:\/\/www.sos-madagascar.org\/wp2\/wp-json\/wp\/v2\/posts\/683\/revisions"}],"predecessor-version":[{"id":2059,"href":"https:\/\/www.sos-madagascar.org\/wp2\/wp-json\/wp\/v2\/posts\/683\/revisions\/2059"}],"wp:attachment":[{"href":"https:\/\/www.sos-madagascar.org\/wp2\/wp-json\/wp\/v2\/media?parent=683"}],"wp:term":[{"taxonomy":"category","embeddable":true,"href":"https:\/\/www.sos-madagascar.org\/wp2\/wp-json\/wp\/v2\/categories?post=683"},{"taxonomy":"post_tag","embeddable":true,"href":"https:\/\/www.sos-madagascar.org\/wp2\/wp-json\/wp\/v2\/tags?post=683"}],"curies":[{"name":"wp","href":"https:\/\/api.w.org\/{rel}","templated":true}]}}