{"id":698,"date":"2013-09-08T15:40:04","date_gmt":"2013-09-08T13:40:04","guid":{"rendered":"http:\/\/www.sos-madagascar.org\/wp2\/?p=698"},"modified":"2022-01-31T18:57:07","modified_gmt":"2022-01-31T17:57:07","slug":"forum-des-associations-2","status":"publish","type":"post","link":"https:\/\/www.sos-madagascar.org\/wp2\/akanisoa-arc\/art-698","title":{"rendered":"Forum des associations"},"content":{"rendered":"<p>Ce samedi a \u00e9t\u00e9 une journ\u00e9e riche de rencontres et d&rsquo;enseignements.<\/p>\n<p>Philippe a re\u00e7u un message de Denis, un de nos correspondants. Denis nous donne des nouvelles des vaches achet\u00e9es l&rsquo;an dernier par quelques uns de nos membres. L&rsquo;une doit mettre bas dans un mois, et l&rsquo;autre vient d&rsquo;\u00eatre ins\u00e9min\u00e9e. Ainsi l&rsquo;orphelinat disposera bient\u00f4t de lait frais r\u00e9guli\u00e8rement. Le projet de culture devrait voir le jour, car les s\u0153urs ont obtenu une aide pour un ch\u00e2teau d&rsquo;eau.<\/p>\n<p>Dans l&rsquo;apr\u00e8s-midi, l&rsquo;\u00e9motion est immense, Lala nous rejoint pour un moment bien difficile, elle nous confirme bien s\u00fbr les informations de Denis mais surtout que deux salles de classe devraient \u00eatre ouvertes prochainement aux noms de Jean-Pierre et Roland (*).<\/p>\n<p>Par ailleurs nous avons re\u00e7u des dons et des renouvellements d&rsquo;adh\u00e9sion. La municipalit\u00e9 s&rsquo;est engag\u00e9e \u00e0\u00a0 nous trouver une salle pour notre r\u00e9union de la semaine prochaine. Nous en saurons plus dans quelques jours.<\/p>\n<p>(*) : <a title=\"L'homme orchestre de la g\u00e9n\u00e9rosit\u00e9\" href=\"https:\/\/www.sos-madagascar.org\/wp2\/?p=637\">Jean-Pierre<\/a> et <a title=\"Aurevoir Roland\" href=\"https:\/\/www.sos-madagascar.org\/wp2\/?p=655\">Roland<\/a>.<\/p>\n<figure id=\"attachment_701\" aria-describedby=\"caption-attachment-701\" style=\"width: 592px\" class=\"wp-caption aligncenter\"><a href=\"https:\/\/www.sos-madagascar.org\/wp2\/wp-content\/2013\/09\/Vache_2013_1601.jpg\"><img loading=\"lazy\" decoding=\"async\" class=\"size-full wp-image-701\" src=\"https:\/\/www.sos-madagascar.org\/wp2\/wp-content\/2013\/09\/Vache_2013_1601.jpg\" alt=\"Mise bas prochaine et bient\u00f4t du lait pour les enfants.\" width=\"592\" height=\"333\" srcset=\"https:\/\/www.sos-madagascar.org\/wp2\/wp-content\/2013\/09\/Vache_2013_1601.jpg 592w, https:\/\/www.sos-madagascar.org\/wp2\/wp-content\/2013\/09\/Vache_2013_1601-300x168.jpg 300w\" sizes=\"auto, (max-width: 592px) 100vw, 592px\" \/><\/a><figcaption id=\"caption-attachment-701\" class=\"wp-caption-text\">Mise bas prochaine et bient\u00f4t du lait pour les enfants.<\/figcaption><\/figure>\n<p><a href=\"https:\/\/www.sos-madagascar.org\/wp2\/wp-content\/2013\/09\/Vache_2013_1600.jpg\"><img loading=\"lazy\" decoding=\"async\" class=\"aligncenter size-full wp-image-700\" src=\"https:\/\/www.sos-madagascar.org\/wp2\/wp-content\/2013\/09\/Vache_2013_1600.jpg\" alt=\"Vache ins\u00e9min\u00e9e en 2013\" width=\"592\" height=\"333\" srcset=\"https:\/\/www.sos-madagascar.org\/wp2\/wp-content\/2013\/09\/Vache_2013_1600.jpg 592w, https:\/\/www.sos-madagascar.org\/wp2\/wp-content\/2013\/09\/Vache_2013_1600-300x168.jpg 300w\" sizes=\"auto, (max-width: 592px) 100vw, 592px\" \/><\/a><\/p>\n","protected":false},"excerpt":{"rendered":"<p>Ce samedi a \u00e9t\u00e9 une journ\u00e9e riche de rencontres et d&rsquo;enseignements. Philippe a re\u00e7u un message de Denis, un de nos correspondants. Denis nous donne des nouvelles des vaches achet\u00e9es l&rsquo;an dernier par quelques uns de nos membres. L&rsquo;une doit mettre bas dans un mois, et l&rsquo;autre vient d&rsquo;\u00eatre ins\u00e9min\u00e9e. Ainsi l&rsquo;orphelinat disposera bient\u00f4t de&hellip; <a class=\"more-link\" href=\"https:\/\/www.sos-madagascar.org\/wp2\/akanisoa-arc\/art-698\">Poursuivre la lecture <span class=\"screen-reader-text\">Forum des associations<\/span><\/a><\/p>\n","protected":false},"author":91,"featured_media":0,"comment_status":"open","ping_status":"open","sticky":false,"template":"","format":"standard","meta":{"_crdt_document":"","footnotes":""},"categories":[26],"tags":[],"class_list":["post-698","post","type-post","status-publish","format-standard","hentry","category-akanisoa-arc","entry"],"_links":{"self":[{"href":"https:\/\/www.sos-madagascar.org\/wp2\/wp-json\/wp\/v2\/posts\/698","targetHints":{"allow":["GET"]}}],"collection":[{"href":"https:\/\/www.sos-madagascar.org\/wp2\/wp-json\/wp\/v2\/posts"}],"about":[{"href":"https:\/\/www.sos-madagascar.org\/wp2\/wp-json\/wp\/v2\/types\/post"}],"author":[{"embeddable":true,"href":"https:\/\/www.sos-madagascar.org\/wp2\/wp-json\/wp\/v2\/users\/91"}],"replies":[{"embeddable":true,"href":"https:\/\/www.sos-madagascar.org\/wp2\/wp-json\/wp\/v2\/comments?post=698"}],"version-history":[{"count":10,"href":"https:\/\/www.sos-madagascar.org\/wp2\/wp-json\/wp\/v2\/posts\/698\/revisions"}],"predecessor-version":[{"id":2061,"href":"https:\/\/www.sos-madagascar.org\/wp2\/wp-json\/wp\/v2\/posts\/698\/revisions\/2061"}],"wp:attachment":[{"href":"https:\/\/www.sos-madagascar.org\/wp2\/wp-json\/wp\/v2\/media?parent=698"}],"wp:term":[{"taxonomy":"category","embeddable":true,"href":"https:\/\/www.sos-madagascar.org\/wp2\/wp-json\/wp\/v2\/categories?post=698"},{"taxonomy":"post_tag","embeddable":true,"href":"https:\/\/www.sos-madagascar.org\/wp2\/wp-json\/wp\/v2\/tags?post=698"}],"curies":[{"name":"wp","href":"https:\/\/api.w.org\/{rel}","templated":true}]}}