{"id":820,"date":"2014-12-06T11:33:42","date_gmt":"2014-12-06T09:33:42","guid":{"rendered":"http:\/\/www.sos-madagascar.org\/wp2\/?p=820"},"modified":"2022-02-06T19:20:38","modified_gmt":"2022-02-06T18:20:38","slug":"mission-accomplie-le-grand-jour","status":"publish","type":"post","link":"https:\/\/www.sos-madagascar.org\/wp2\/akanisoa-arc\/art-820","title":{"rendered":"Mission accomplie : le GRAND JOUR"},"content":{"rendered":"<p><span style=\"text-decoration: underline;\"><strong>Samedi 1er novembre 2014<\/strong><\/span><\/p>\n<p>Les danses de la veille nous ont reboost\u00e9s !<\/p>\n<p>D\u00e8s 6h 00 du matin, Hajalala, Njaka, Patrice et Philippe s&rsquo;appr\u00eatent \u00e0\u00a0 aller faire les derni\u00e8res courses au march\u00e9. Vincent, toujours arm\u00e9 de son appareil photo, se joint au groupe. Une certaine f\u00e9brilit\u00e9 est palpable&#8230;Zen les amis !<\/p>\n<p>Il est vrai que nous avons invit\u00e9 plus d&rsquo;une centaine de personnes aujourd&rsquo;hui et il va falloir assurer !<\/p>\n<p>Une surprise ce matin : notre membre et ami Soloniaina, venu lui aussi de France, nous a rejoints.<\/p>\n<p>A\u00a0 notre arriv\u00e9e \u00e0\u00a0 l&rsquo;orphelinat, Madame Berthe et toute son \u00e9quipe sont d\u00e9j\u00e0\u00a0 \u00e0\u00a0 l&rsquo;\u0153uvre. Dans la cour, on installe le barnum, les bancs, les chaises joliment habill\u00e9es pour la circonstance pour les invit\u00e9s de marque. Les ballons color\u00e9s, ramen\u00e9s de France, ajoutent un c\u00f4t\u00e9 plus festif encore au d\u00e9cor. La journ\u00e9e s&rsquo;annonce belle et il fait d\u00e9j\u00e0\u00a0 tr\u00e8s chaud.<\/p>\n<p>En cuisine, Danielle, Christiane, Laura et Muriel terminent la pr\u00e9paration des tartes. Les gar\u00e7ons gonflent (sans pompe !) plus d&rsquo;une cinquantaine de ballons qu&rsquo;ils ont ensuite emprisonn\u00e9s dans une des salles de classe. Les pr\u00e9paratifs ont bien rempli la matin\u00e9e. Apr\u00e8s un d\u00e9jeuner rapide, nous retournons \u00e0\u00a0 notre h\u00f4tel pour mettre nos \u00ab\u00a0beaux habits\u00a0\u00bb.<\/p>\n<p>Retour \u00e0\u00a0 l&rsquo;orphelinat \u00e0\u00a0 13h 30. A notre descente du bus, une nu\u00e9e d&rsquo;anges bleus nous accueille avec des cris de joie. Patrice ne peut cacher une petite larme quand deux enfants le prennent par la main et que d&rsquo;autres lui sautent au cou. Les enfants ont rev\u00eatu leurs plus beaux habits : chemise bleu ciel en satin et pantalon fonc\u00e9 pour les gar\u00e7ons ; robe longue de m\u00eame couleur et de m\u00eame mati\u00e8re, ceinture noire pour les filles, qui &#8211; pour l&rsquo;occasion &#8211; ont eu le droit de mettre du rouge \u00e0\u00a0 l\u00e8vres. Nous sommes \u00e9mus et tout simplement \u00e9blouis !<\/p>\n<p>Petit \u00e0\u00a0 petit, les invit\u00e9s se mettent en place. Une certaine inqui\u00e9tude se lit sur les visages car le vent se l\u00e8ve et les nuages noirs s&rsquo;amoncellent au dessus de nos t\u00eates. Justine, notre vice-pr\u00e9sidente,vient de Tana et\u00a0 n&rsquo;est pas encore arriv\u00e9e ; l&rsquo;heure avance \u00ab\u00a0moramorament\u00a0\u00bb&#8230;Il faut commencer la c\u00e9r\u00e9monie sans elle.<\/p>\n<p>Comme dans quasiment toutes les inaugurations \u00e0\u00a0 Madagascar, on d\u00e9bute par un culte qui dure pr\u00e8s de 45 mn. Madame Berthe traduit aux amis fran\u00e7ais la pr\u00e9dication du pasteur. Les premi\u00e8res gouttes de pluie \u00ab\u00a0b\u00e9nissent\u00a0\u00bb ce temps de recueillement.<\/p>\n<p>Ont suivi respectivement les discours des pr\u00e9sidents du Comit\u00e9 de l&rsquo;Eglise FLMAA, de SOS Madagascar, des repr\u00e9sentants de la circonscription scolaire et de la commune urbaine d&rsquo;Antsirabe.<\/p>\n<p>L&rsquo;allocution en langue malgache de Vincent, notre pr\u00e9sident, a \u00e9t\u00e9 tr\u00e8s vivement applaudie. Notre ami Philippe a immortalis\u00e9 cet instant par un film.<\/p>\n<p>Maintenant est venu le moment d&rsquo;inaugurer mat\u00e9riellement les deux salles de classe. Le pasteur dit quelques mots. A mon tour maintenant&#8230;L&rsquo;\u00e9motion me sert la gorge car cette inauguration signifie, qu&rsquo;une fois de plus, SOS Madagascar a men\u00e9 \u00e0\u00a0 terme une action en faveur de la Grande Ile. Nous avions, dans le pass\u00e9,\u00a0 r\u00e9alis\u00e9 de nombreux projets mais l&rsquo;\u00e9v\u00e9nement d&rsquo;aujourd&rsquo;hui nous touche tous plus particuli\u00e8rement. Pourquoi ? Parce qu&rsquo;\u00e0\u00a0 travers ces deux salles de classe, c&rsquo;est l&rsquo;action que Jean-Pierre David et Roland Haussmann ont men\u00e9e, activement et avec beaucoup de conviction, au sein de l&rsquo;association qui se perp\u00e9tue. C&rsquo;est un peu d&rsquo;eux-m\u00eames qu&rsquo;ils laissent et qu&rsquo;ils inscrivent dans l&rsquo;histoire d&rsquo;Akanisoa. En donnant \u00e0\u00a0 ces deux locaux destin\u00e9s \u00e0\u00a0 l&rsquo;\u00e9ducation des enfants le nom de chacun d&rsquo;eux, SOS Madagascar a voulu ainsi concr\u00e8tement les remercier. Christiane, la femme de Roland, coupe en premier le ruban vert-blanc-rouge de la salle \u00ab\u00a0Haussmann Roland &#8211; CP2\u00a0\u00bb. Hajalala, ami de longue date de Jean-Pierre, fait de m\u00eame pour la salle \u00ab\u00a0David Jean-Pierre &#8211; CP1\u00a0\u00bb. Les larmes t\u00e9moignent de notre trop-plein d&rsquo;\u00e9motions.\u00a0 La prise de parole tr\u00e8s touchante de Christiane cl\u00f4t la partie officielle de la c\u00e9r\u00e9monie.<\/p>\n<p>Il faut vite effacer ce moment un peu triste et nostalgique ! Nous invitons les enfants \u00e0\u00a0 participer \u00e0\u00a0 un jeu dont la r\u00e8gle est la suivante. Dans les\u00a0 ballons, enfin lib\u00e9r\u00e9s dans la cour,\u00a0 a \u00e9t\u00e9 ins\u00e9r\u00e9 un papier sur lequel le personnel d&rsquo;E&#8230;a \u00e9crit un mot &#8211; soit en fran\u00e7ais soit en malgache &#8211; destin\u00e9 aux enfants, afin de s&rsquo;associer physiquement \u00e0\u00a0 cet \u00e9v\u00e9nement. Muni d&rsquo;un crayon, chaque enfant doit crever le ballon ; est gagnant celui qui y trouve un papier. C&rsquo;est une v\u00e9ritable bataille qui est d\u00e9clench\u00e9e ! Ca crie, \u00e7a court dans tous les sens ! Les vainqueurs arborent fi\u00e8rement leur lot. N\u00e9anmoins, comme \u00e0\u00a0 \u00ab\u00a0l&rsquo;Ecole des fans\u00a0\u00bb, tous les enfants sont gagnants !<\/p>\n<p>Tous les enfants des deux classes, appel\u00e9s chacun \u00e0\u00a0 leur tour,\u00a0 ont ainsi re\u00e7u une casquette au logo d&rsquo;E&#8230;, un sac \u00e0\u00a0 dos garni de fournitures scolaires et d&rsquo;un gilet r\u00e9fl\u00e9chissant. Ont \u00e9t\u00e9 \u00e9galement remises aux coll\u00e9giens et lyc\u00e9ens des sacoches.<\/p>\n<p>Enfin ont \u00e9t\u00e9 confi\u00e9es aux instituteurs les fournitures non distribu\u00e9es. Les officiels n&rsquo;ont pas \u00e9t\u00e9 oubli\u00e9s : des blocs-notes leur ont \u00e9t\u00e9 remis. Vincent prend les photos de tous ces sourires et visages ravis.<\/p>\n<p>Cette remise de cadeaux a \u00e9t\u00e9 \u00e9court\u00e9e pr\u00e9cipitamment en raison de la pluie diluvienne qui s&rsquo;est invit\u00e9e. N&rsquo;oublions pas que nous entrons dans l&rsquo;\u00e9t\u00e9 austral ! Catastrophe : les tartes et les g\u00e2teaux ont pris l&rsquo;eau ! Tant bien que mal, nous essayons de sauver le buffet et ramenons le tout dans la salle de cantine d\u00e9cor\u00e9e des guirlandes offertes par notre adh\u00e9rente Perline.<\/p>\n<p>M\u00eame peu pr\u00e9sentables, les tartes aux fruits exotiques sont excellentes. Les g\u00e2teaux, orn\u00e9s de cr\u00e8me, ravissent petits et grands. Nous levons les verres \u00e0\u00a0 ce moment tant attendu, \u00e0\u00a0 Roland et JP, \u00e0\u00a0 nous tous pr\u00e9sents et \u00e0\u00a0 tous ceux qui de pr\u00e8s ou de loin ont contribu\u00e9 \u00e0\u00a0 la r\u00e9alisation de ce projet de classes. Justine est (enfin) arriv\u00e9e ; elle nous apprend que la pluie l&rsquo;a bloqu\u00e9e pr\u00e8s de deux heures durant sur la route.<\/p>\n<p>La nuit est presque l\u00e0\u00a0. Nous donnons rendez-vous \u00e0\u00a0 tous au lendemain midi&#8230;car la f\u00eate continue !<\/p>\n","protected":false},"excerpt":{"rendered":"<p>Samedi 1er novembre 2014 Les danses de la veille nous ont reboost\u00e9s ! D\u00e8s 6h 00 du matin, Hajalala, Njaka, Patrice et Philippe s&rsquo;appr\u00eatent \u00e0\u00a0 aller faire les derni\u00e8res courses au march\u00e9. Vincent, toujours arm\u00e9 de son appareil photo, se joint au groupe. Une certaine f\u00e9brilit\u00e9 est palpable&#8230;Zen les amis ! Il est vrai que&hellip; <a class=\"more-link\" href=\"https:\/\/www.sos-madagascar.org\/wp2\/akanisoa-arc\/art-820\">Poursuivre la lecture <span class=\"screen-reader-text\">Mission accomplie : le GRAND JOUR<\/span><\/a><\/p>\n","protected":false},"author":6,"featured_media":0,"comment_status":"open","ping_status":"open","sticky":false,"template":"","format":"standard","meta":{"_crdt_document":"","footnotes":""},"categories":[26],"tags":[],"class_list":["post-820","post","type-post","status-publish","format-standard","hentry","category-akanisoa-arc","entry"],"_links":{"self":[{"href":"https:\/\/www.sos-madagascar.org\/wp2\/wp-json\/wp\/v2\/posts\/820","targetHints":{"allow":["GET"]}}],"collection":[{"href":"https:\/\/www.sos-madagascar.org\/wp2\/wp-json\/wp\/v2\/posts"}],"about":[{"href":"https:\/\/www.sos-madagascar.org\/wp2\/wp-json\/wp\/v2\/types\/post"}],"author":[{"embeddable":true,"href":"https:\/\/www.sos-madagascar.org\/wp2\/wp-json\/wp\/v2\/users\/6"}],"replies":[{"embeddable":true,"href":"https:\/\/www.sos-madagascar.org\/wp2\/wp-json\/wp\/v2\/comments?post=820"}],"version-history":[{"count":4,"href":"https:\/\/www.sos-madagascar.org\/wp2\/wp-json\/wp\/v2\/posts\/820\/revisions"}],"predecessor-version":[{"id":2155,"href":"https:\/\/www.sos-madagascar.org\/wp2\/wp-json\/wp\/v2\/posts\/820\/revisions\/2155"}],"wp:attachment":[{"href":"https:\/\/www.sos-madagascar.org\/wp2\/wp-json\/wp\/v2\/media?parent=820"}],"wp:term":[{"taxonomy":"category","embeddable":true,"href":"https:\/\/www.sos-madagascar.org\/wp2\/wp-json\/wp\/v2\/categories?post=820"},{"taxonomy":"post_tag","embeddable":true,"href":"https:\/\/www.sos-madagascar.org\/wp2\/wp-json\/wp\/v2\/tags?post=820"}],"curies":[{"name":"wp","href":"https:\/\/api.w.org\/{rel}","templated":true}]}}