{"id":976,"date":"2016-10-16T23:29:38","date_gmt":"2016-10-16T21:29:38","guid":{"rendered":"http:\/\/www.sos-madagascar.org\/wp2\/?p=976"},"modified":"2022-01-08T18:07:26","modified_gmt":"2022-01-08T17:07:26","slug":"soiree-anniversaire-des-25-ans-de-lassociation","status":"publish","type":"post","link":"https:\/\/www.sos-madagascar.org\/wp2\/events-arc\/art-976","title":{"rendered":"Soir\u00e9e anniversaire des 25 ans de l&rsquo;association"},"content":{"rendered":"<div id=\"fb-root\"><\/div>\n<p><script>(function(d, s, id) {<br \/>\n  var js, fjs = d.getElementsByTagName(s)[0];<br \/>\n  if (d.getElementById(id)) return;<br \/>\n  js = d.createElement(s); js.id = id;<br \/>\n  js.src = \"\/\/connect.facebook.net\/fr_FR\/sdk.js#xfbml=1&version=v2.8\";<br \/>\n  fjs.parentNode.insertBefore(js, fjs);<br \/>\n}(document, 'script', 'facebook-jssdk'));<\/script><br \/>\nSuper semaine aux couleurs de Madagascar, superbe soir\u00e9e ! Merci \u00e0&nbsp; tous !<\/p>\n<p>Le repas a \u00e9t\u00e9 servi non sans mal suite \u00e0&nbsp; un manque de puissance \u00e9lectrique, ce d\u00e9rangement nous a impos\u00e9 de faire un peu de \u00ab\u00a0d\u00e9lestage\u00a0\u00bb.<br \/>\nEn cons\u00e9quence directe : un quart d&rsquo;heure d&rsquo;attente pour le riz, voire une demi-heure pour certains, accompagnement principal de tout repas malgache.<br \/>\nEn d\u00e9pit de cela, l&rsquo;ambiance chaleureuse et une farandole exceptionnelle d&rsquo;anniversaires ont r\u00e9uni au total pr\u00e8s de 300 personnes (240 convives, une quinzaine participants de fin de soir\u00e9e sans repas, musiciens, techniciens et organisateurs).<br \/>\nUne sono remarquable, des musiciens de grande qualit\u00e9, un DJ \u00e0&nbsp; la hauteur, et un artiste aux multiples talents ont su maintenir l&rsquo;ambiance sans la moindre rel\u00e2che tout au long de la soir\u00e9e et jusqu&rsquo;au fond de la nuit.<br \/>\nMerci \u00e0&nbsp; tous les b\u00e9n\u00e9voles et \u00e0&nbsp; leurs proches pour tous les efforts fournis tout au long de la semaine pour c\u00e9l\u00e9brer le blanc, le vert et le rouge, les couleurs malgaches \u00e0&nbsp; Roissy-en-Brie.<br \/>\nEnfin merci \u00e0&nbsp; la centaine de personnes qui n&rsquo;ont pas pu participer par manque de place, qui se sont souvent manifest\u00e9es tr\u00e8s tardivement, merci pour leur compr\u00e9hension et merci de continuer \u00e0&nbsp; nous soutenir par des messages ou des dons.<br \/>\nLes handicap\u00e9s de Morondava, et les orphelins d&rsquo;Antsirabe seront heureux d&rsquo;appr\u00e9cier encore les aides de SOS MADAGASCAR, fruits de ce 25 ann\u00e9es d&rsquo;existence de l&rsquo;association.<\/p>\n<div class=\"fb-post\" data-href=\"https:\/\/www.facebook.com\/nathalie.vudinh\/posts\/1462976100383933:0\" data-width=\"620\" data-show-text=\"true\">\n<blockquote cite=\"https:\/\/www.facebook.com\/nathalie.vudinh\/posts\/1462976100383933:0\" class=\"fb-xfbml-parse-ignore\"><p>Marius Fontaine, leader du groupe FENOAMBY, jouant du Valiha, cithare malgache, lors de la soir\u00e9e anniversaire de l&rsquo;organisation humanitaire SOS MADAGASCAR.<\/p>\n<p>\u00a9 Nathalie Vu-Dinh<\/p>\n<p>Publi\u00e9 par <a href=\"https:\/\/www.facebook.com\/nathalie.vudinh\/\">Nathalie Vu-Dinh Photography<\/a> sur&nbsp;<a href=\"https:\/\/www.facebook.com\/nathalie.vudinh\/posts\/1462976100383933:0\">lundi 17 octobre 2016<\/a><\/p><\/blockquote>\n<\/div>\n<p>Les photographies de la soir\u00e9e seront disponibles dans les prochains jours (nous pourrons \u00e9galement vous en dire un peu plus \u00e0&nbsp; ce sujet tr\u00e8s rapidement).<br \/>\nMerci encore \u00e0&nbsp; tous pour votre participation.<\/p>\n","protected":false},"excerpt":{"rendered":"<p>Super semaine aux couleurs de Madagascar, superbe soir\u00e9e ! Merci \u00e0&nbsp; tous ! Le repas a \u00e9t\u00e9 servi non sans mal suite \u00e0&nbsp; un manque de puissance \u00e9lectrique, ce d\u00e9rangement nous a impos\u00e9 de faire un peu de \u00ab\u00a0d\u00e9lestage\u00a0\u00bb. En cons\u00e9quence directe : un quart d&rsquo;heure d&rsquo;attente pour le riz, voire une demi-heure pour certains,&hellip; <a class=\"more-link\" href=\"https:\/\/www.sos-madagascar.org\/wp2\/events-arc\/art-976\">Poursuivre la lecture <span class=\"screen-reader-text\">Soir\u00e9e anniversaire des 25 ans de l&rsquo;association<\/span><\/a><\/p>\n","protected":false},"author":91,"featured_media":0,"comment_status":"open","ping_status":"open","sticky":false,"template":"","format":"standard","meta":{"_crdt_document":"","footnotes":""},"categories":[28],"tags":[],"class_list":["post-976","post","type-post","status-publish","format-standard","hentry","category-events-arc","entry"],"_links":{"self":[{"href":"https:\/\/www.sos-madagascar.org\/wp2\/wp-json\/wp\/v2\/posts\/976","targetHints":{"allow":["GET"]}}],"collection":[{"href":"https:\/\/www.sos-madagascar.org\/wp2\/wp-json\/wp\/v2\/posts"}],"about":[{"href":"https:\/\/www.sos-madagascar.org\/wp2\/wp-json\/wp\/v2\/types\/post"}],"author":[{"embeddable":true,"href":"https:\/\/www.sos-madagascar.org\/wp2\/wp-json\/wp\/v2\/users\/91"}],"replies":[{"embeddable":true,"href":"https:\/\/www.sos-madagascar.org\/wp2\/wp-json\/wp\/v2\/comments?post=976"}],"version-history":[{"count":4,"href":"https:\/\/www.sos-madagascar.org\/wp2\/wp-json\/wp\/v2\/posts\/976\/revisions"}],"predecessor-version":[{"id":1437,"href":"https:\/\/www.sos-madagascar.org\/wp2\/wp-json\/wp\/v2\/posts\/976\/revisions\/1437"}],"wp:attachment":[{"href":"https:\/\/www.sos-madagascar.org\/wp2\/wp-json\/wp\/v2\/media?parent=976"}],"wp:term":[{"taxonomy":"category","embeddable":true,"href":"https:\/\/www.sos-madagascar.org\/wp2\/wp-json\/wp\/v2\/categories?post=976"},{"taxonomy":"post_tag","embeddable":true,"href":"https:\/\/www.sos-madagascar.org\/wp2\/wp-json\/wp\/v2\/tags?post=976"}],"curies":[{"name":"wp","href":"https:\/\/api.w.org\/{rel}","templated":true}]}}