{"id":981,"date":"2016-10-19T21:46:48","date_gmt":"2016-10-19T19:46:48","guid":{"rendered":"http:\/\/www.sos-madagascar.org\/wp2\/?p=981"},"modified":"2022-01-31T18:40:05","modified_gmt":"2022-01-31T17:40:05","slug":"premieres-photos-des-25-ans","status":"publish","type":"post","link":"https:\/\/www.sos-madagascar.org\/wp2\/media\/art-981","title":{"rendered":"Premi\u00e8res photos des 25 ans"},"content":{"rendered":"<p><a href=\"https:\/\/www.sos-madagascar.org\/wp2\/media\/981\/attachment\/_20161015_sosmadag_6186\/\" rel=\"attachment wp-att-982\"><img decoding=\"async\" class=\"aligncenter size-full wp-image-982\" src=\"https:\/\/www.sos-madagascar.org\/wp2\/wp-content\/2016\/10\/20161015_sosMadag_6186.jpg\" alt=\"_20161015_sosmadag_6186\" width=\"620\" srcset=\"https:\/\/www.sos-madagascar.org\/wp2\/wp-content\/2016\/10\/20161015_sosMadag_6186.jpg 960w, https:\/\/www.sos-madagascar.org\/wp2\/wp-content\/2016\/10\/20161015_sosMadag_6186-300x200.jpg 300w, https:\/\/www.sos-madagascar.org\/wp2\/wp-content\/2016\/10\/20161015_sosMadag_6186-768x511.jpg 768w\" sizes=\"(max-width: 960px) 100vw, 960px\" \/><\/a><br \/>\u00a9 Nathalie Vu-Dinh<\/p>\n<p>La Pr\u00e9sidente de l&rsquo;association SOS Madagascar interview\u00e9e par une journaliste de la radio Bitsika en d\u00e9but de notre soir\u00e9e du 15 octobre 2016.<br \/>[https:\/\/www.sos-madagascar.org\/wp2\/]<\/p>\n<p>SOS Madagascar tient \u00e0\u00a0 remercier la photographe Nathalie Vu-Dinh pour ses prises de vues tout au long de la soir\u00e9e.<\/p>\n<p>Les autres photos autres sont sur l&rsquo;<a href=\"https:\/\/www.sos-madagascar.org\/wgal\/index.php?\/category\/MTL_Oct_2016\" target=\"_blank\" rel=\"noopener\">album de la soir\u00e9e<\/a>.<br \/><!--more--><\/p>\n<div id=\"fb-root\">\u00a0<\/div>\n<div class=\"fb-post\" data-href=\"https:\/\/www.facebook.com\/nathalie.vudinh\/posts\/1465075753507301:0\" data-width=\"620\" data-show-text=\"true\">\n<blockquote class=\"fb-xfbml-parse-ignore\" cite=\"https:\/\/www.facebook.com\/nathalie.vudinh\/posts\/1465075753507301:0\">\n<p>Marius Fontaine, auteur-compositeur, chanteur et poly-instrumentiste du groupe FENOAMBY lors de la soir\u00e9e anniversaire de l&rsquo;association SOS Madagascar.<br \/>\u00a9 Nathalie Vu-Dinh<\/p>\n<\/blockquote>\n<\/div>\n<div class=\"fb-post\" data-href=\"https:\/\/www.facebook.com\/nathalie.vudinh\/posts\/1466135433401333:0\" data-width=\"620\" data-show-text=\"true\">\u00a0<\/div>\n\n\n<figure class=\"wp-block-image size-large\"><img decoding=\"async\" src=\"https:\/\/www.sos-madagascar.org\/wgal\/_data\/i\/upload\/2016\/10\/22\/20161022150303-66b78db3-me.jpg\" alt=\"\"\/><\/figure>\n\n\n<p>Le musicien transport\u00e9 par son art &#8230;<br>\nTr\u00e8s belle soir\u00e9e \u00e0 tous \ud83d\ude42<\/p>\n\n<div class=\"fb-post\" data-href=\"https:\/\/www.facebook.com\/nathalie.vudinh\/posts\/1464050990276444:0\" data-width=\"620\" data-show-text=\"true\">\n<blockquote class=\"fb-xfbml-parse-ignore\" cite=\"https:\/\/www.facebook.com\/nathalie.vudinh\/posts\/1464050990276444:0\"><\/blockquote><\/div>\n\n\n<figure class=\"wp-block-image size-large\"><img decoding=\"async\" src=\"https:\/\/www.sos-madagascar.org\/wgal\/_data\/i\/upload\/2016\/10\/22\/20161022150255-0aa81010-me.jpg\" alt=\"\"\/><\/figure>\n\n\n<p><!-- \/wp:post-content -->Le percussionniste du groupe FENOAMBY lors de la soir\u00e9e anniversaire de l&rsquo;association humanitaire SOS Madagascar le 15 octobre dernier.<\/p>\n<div class=\"fb-post\" data-href=\"https:\/\/www.facebook.com\/nathalie.vudinh\/posts\/1462976100383933:0\" data-width=\"620\" data-show-text=\"true\">\n<blockquote class=\"fb-xfbml-parse-ignore\" cite=\"https:\/\/www.facebook.com\/nathalie.vudinh\/posts\/1462976100383933:0\">\n<p><!-- wp:image {\"sizeSlug\":\"large\"} --><\/p>\n<figure class=\"wp-block-image size-large\"><img decoding=\"async\" src=\"https:\/\/www.sos-madagascar.org\/wgal\/_data\/i\/upload\/2016\/10\/22\/20161022150223-b52ea844-me.jpg\" alt=\"\" \/><\/figure>\n<p><!-- \/wp:image -->Marius Fontaine, leader du groupe FENOAMBY, jouant du Valiha, cithare malgache, lors de la soir\u00e9e anniversaire de l&rsquo;organisation humanitaire SOS MADAGASCAR.<\/p>\n<\/blockquote>\n<\/div>\n<div class=\"fb-post\" data-href=\"https:\/\/www.facebook.com\/nathalie.vudinh\/posts\/1465785600102983:0\" data-width=\"620\" data-show-text=\"true\">\n<blockquote class=\"fb-xfbml-parse-ignore\" cite=\"https:\/\/www.facebook.com\/nathalie.vudinh\/posts\/1465785600102983:0\">\n<p>Marius Fontaine et son guitariste dans un registre plus rock \ud83d\ude42 &#8230;.<\/p>\n<p>\u00a9 Nathalie Vu-Dinh<\/p>\n<\/blockquote>\n<\/div>\n<div class=\"fb-post\" data-href=\"https:\/\/www.facebook.com\/nathalie.vudinh\/posts\/1462011970480346:0\" data-width=\"320\" data-show-text=\"true\">\n<blockquote class=\"fb-xfbml-parse-ignore\" cite=\"https:\/\/www.facebook.com\/nathalie.vudinh\/posts\/1462011970480346:0\">\n<p>Soir\u00e9e anniversaire des 25 ans de l&rsquo;association humanitaire SOS MADAGASCAR hier \u00e0 Roissy-en-Brie.<\/p>\n<\/blockquote>\n<\/div>","protected":false},"excerpt":{"rendered":"<p>\u00a9 Nathalie Vu-Dinh La Pr\u00e9sidente de l&rsquo;association SOS Madagascar interview\u00e9e par une journaliste de la radio Bitsika en d\u00e9but de notre soir\u00e9e du 15 octobre 2016.[https:\/\/www.sos-madagascar.org\/wp2\/] SOS Madagascar tient \u00e0\u00a0 remercier la photographe Nathalie Vu-Dinh pour ses prises de vues tout au long de la soir\u00e9e. Les autres photos autres sont sur l&rsquo;album de la&hellip; <a class=\"more-link\" href=\"https:\/\/www.sos-madagascar.org\/wp2\/media\/art-981\">Poursuivre la lecture <span class=\"screen-reader-text\">Premi\u00e8res photos des 25 ans<\/span><\/a><\/p>\n","protected":false},"author":91,"featured_media":0,"comment_status":"open","ping_status":"open","sticky":false,"template":"","format":"standard","meta":{"_crdt_document":"","footnotes":""},"categories":[24],"tags":[],"class_list":["post-981","post","type-post","status-publish","format-standard","hentry","category-media","entry"],"_links":{"self":[{"href":"https:\/\/www.sos-madagascar.org\/wp2\/wp-json\/wp\/v2\/posts\/981","targetHints":{"allow":["GET"]}}],"collection":[{"href":"https:\/\/www.sos-madagascar.org\/wp2\/wp-json\/wp\/v2\/posts"}],"about":[{"href":"https:\/\/www.sos-madagascar.org\/wp2\/wp-json\/wp\/v2\/types\/post"}],"author":[{"embeddable":true,"href":"https:\/\/www.sos-madagascar.org\/wp2\/wp-json\/wp\/v2\/users\/91"}],"replies":[{"embeddable":true,"href":"https:\/\/www.sos-madagascar.org\/wp2\/wp-json\/wp\/v2\/comments?post=981"}],"version-history":[{"count":17,"href":"https:\/\/www.sos-madagascar.org\/wp2\/wp-json\/wp\/v2\/posts\/981\/revisions"}],"predecessor-version":[{"id":2039,"href":"https:\/\/www.sos-madagascar.org\/wp2\/wp-json\/wp\/v2\/posts\/981\/revisions\/2039"}],"wp:attachment":[{"href":"https:\/\/www.sos-madagascar.org\/wp2\/wp-json\/wp\/v2\/media?parent=981"}],"wp:term":[{"taxonomy":"category","embeddable":true,"href":"https:\/\/www.sos-madagascar.org\/wp2\/wp-json\/wp\/v2\/categories?post=981"},{"taxonomy":"post_tag","embeddable":true,"href":"https:\/\/www.sos-madagascar.org\/wp2\/wp-json\/wp\/v2\/tags?post=981"}],"curies":[{"name":"wp","href":"https:\/\/api.w.org\/{rel}","templated":true}]}}